{"id":10138,"date":"2022-08-23T15:49:16","date_gmt":"2022-08-23T13:49:16","guid":{"rendered":"https:\/\/cartecworld.com\/?p=10138"},"modified":"2022-08-26T14:30:25","modified_gmt":"2022-08-26T12:30:25","slug":"cartec-auf-der-automechanika-frankfurt-2022","status":"publish","type":"post","link":"https:\/\/cartecworld.com\/de\/cartec-auf-der-automechanika-frankfurt-2022\/","title":{"rendered":"Cartec auf der Automechanika Frankfurt 2022"},"content":{"rendered":"<p>An unserem Stand lernen Sie unsere Produktwelten kennen. Von den Essentials bis zum keramischen Schutz. Es werden begeisterte Vertreter von Cartec anwesend sein, die alle Ihre Fragen beantworten k\u00f6nnen. Die Messe findet vom 13. bis 17. September statt.<\/p>\n<p>Diese Automechanika bietet die M\u00f6glichkeit, Cartec-Partner in Deutschland zu werden. Neugierig auf die M\u00f6glichkeiten? Fragen Sie einen der Cartec-Vertreter am Stand. Wir freuen uns darauf, Sie kennenzulernen!<\/p>\n<p>Wir freuen uns auf Ihren Besuch in <strong>Halle 12.0, Stand C90!<\/strong><\/p>\n<p><img decoding=\"async\" width=\"700\" height=\"397\" class=\"alignnone size-medium wp-image-10093\" src=\"https:\/\/cartecworld.com\/wp-content\/uploads\/2022\/08\/Cartec-Autmechanika-invitation-landscape-700x397.jpg\" alt=\"\" srcset=\"https:\/\/cartecworld.com\/wp-content\/uploads\/2022\/08\/Cartec-Autmechanika-invitation-landscape-700x397.jpg 700w, https:\/\/cartecworld.com\/wp-content\/uploads\/2022\/08\/Cartec-Autmechanika-invitation-landscape-1920x1088.jpg 1920w, https:\/\/cartecworld.com\/wp-content\/uploads\/2022\/08\/Cartec-Autmechanika-invitation-landscape-960x544.jpg 960w, https:\/\/cartecworld.com\/wp-content\/uploads\/2022\/08\/Cartec-Autmechanika-invitation-landscape-1536x870.jpg 1536w, https:\/\/cartecworld.com\/wp-content\/uploads\/2022\/08\/Cartec-Autmechanika-invitation-landscape.jpg 2000w\" sizes=\"(max-width: 700px) 100vw, 700px\" \/><\/p>\n","protected":false},"excerpt":{"rendered":"<p>An unserem Stand lernen Sie unsere Produktwelten kennen. Von den Essentials bis zum keramischen Schutz. Es werden begeisterte Vertreter von Cartec anwesend sein, die alle Ihre Fragen beantworten k\u00f6nnen. Die Messe findet vom 13. bis 17. September statt. Diese Automechanika bietet die M\u00f6glichkeit, Cartec-Partner in Deutschland zu werden. Neugierig auf die M\u00f6glichkeiten? Fragen Sie einen [&hellip;]<\/p>\n","protected":false},"author":29,"featured_media":10131,"comment_status":"closed","ping_status":"closed","sticky":false,"template":"","format":"standard","meta":{"_acf_changed":false,"footnotes":""},"categories":[601],"tags":[724,723],"class_list":["post-10138","post","type-post","status-publish","format-standard","has-post-thumbnail","hentry","category-corporate","tag-automechanika-de","tag-messe"],"acf":[],"yoast_head":"<!-- This site is optimized with the Yoast SEO plugin v27.3 - https:\/\/yoast.com\/product\/yoast-seo-wordpress\/ -->\n<title>Cartec auf der Automechanika Frankfurt 2022 - Cartec World<\/title>\n<meta name=\"description\" content=\"Cartec wird auf der Automechanika Frankfurt vertreten sein. Die Messe findet vom 13. bis 17. September statt. Wir freuen uns auf Ihren Besuch in Halle 12.0, Stand C90!\" \/>\n<meta name=\"robots\" content=\"index, follow, max-snippet:-1, max-image-preview:large, max-video-preview:-1\" \/>\n<link rel=\"canonical\" href=\"https:\/\/cartecworld.com\/de\/cartec-auf-der-automechanika-frankfurt-2022\/\" \/>\n<meta property=\"og:locale\" content=\"de_DE\" \/>\n<meta property=\"og:type\" content=\"article\" \/>\n<meta property=\"og:title\" content=\"Cartec auf der Automechanika Frankfurt 2022 - Cartec World\" \/>\n<meta property=\"og:description\" content=\"Cartec wird auf der Automechanika Frankfurt vertreten sein. Die Messe findet vom 13. bis 17. September statt. Wir freuen uns auf Ihren Besuch in Halle 12.0, Stand C90!\" \/>\n<meta property=\"og:url\" content=\"https:\/\/cartecworld.com\/de\/cartec-auf-der-automechanika-frankfurt-2022\/\" \/>\n<meta property=\"og:site_name\" content=\"Cartec World\" \/>\n<meta property=\"article:publisher\" content=\"https:\/\/www.facebook.com\/CartecWorld\/\" \/>\n<meta property=\"article:published_time\" content=\"2022-08-23T13:49:16+00:00\" \/>\n<meta property=\"article:modified_time\" content=\"2022-08-26T12:30:25+00:00\" \/>\n<meta property=\"og:image\" content=\"https:\/\/cartecworld.com\/wp-content\/uploads\/2022\/08\/22-DSP-001-AutomechanikaFrankfurt_Banner-v2.png\" \/>\n\t<meta property=\"og:image:width\" content=\"768\" \/>\n\t<meta property=\"og:image:height\" content=\"470\" \/>\n\t<meta property=\"og:image:type\" content=\"image\/png\" \/>\n<meta name=\"author\" content=\"Jaap van der Velden\" \/>\n<meta name=\"twitter:card\" content=\"summary_large_image\" \/>\n<meta name=\"twitter:creator\" content=\"@cartecbv\" \/>\n<meta name=\"twitter:site\" content=\"@cartecbv\" \/>\n<meta name=\"twitter:label1\" content=\"Verfasst von\" \/>\n\t<meta name=\"twitter:data1\" content=\"Jaap van der Velden\" \/>\n\t<meta name=\"twitter:label2\" content=\"Gesch\u00e4tzte Lesezeit\" \/>\n\t<meta name=\"twitter:data2\" content=\"1\u00a0Minute\" \/>\n<script type=\"application\/ld+json\" class=\"yoast-schema-graph\">{\"@context\":\"https:\\\/\\\/schema.org\",\"@graph\":[{\"@type\":\"Article\",\"@id\":\"https:\\\/\\\/cartecworld.com\\\/de\\\/cartec-auf-der-automechanika-frankfurt-2022\\\/#article\",\"isPartOf\":{\"@id\":\"https:\\\/\\\/cartecworld.com\\\/de\\\/cartec-auf-der-automechanika-frankfurt-2022\\\/\"},\"author\":{\"name\":\"Jaap van der Velden\",\"@id\":\"https:\\\/\\\/cartecworld.com\\\/de\\\/#\\\/schema\\\/person\\\/af08269ec6dd3102c9501316f0d8373f\"},\"headline\":\"Cartec auf der Automechanika Frankfurt 2022\",\"datePublished\":\"2022-08-23T13:49:16+00:00\",\"dateModified\":\"2022-08-26T12:30:25+00:00\",\"mainEntityOfPage\":{\"@id\":\"https:\\\/\\\/cartecworld.com\\\/de\\\/cartec-auf-der-automechanika-frankfurt-2022\\\/\"},\"wordCount\":81,\"publisher\":{\"@id\":\"https:\\\/\\\/cartecworld.com\\\/de\\\/#organization\"},\"image\":{\"@id\":\"https:\\\/\\\/cartecworld.com\\\/de\\\/cartec-auf-der-automechanika-frankfurt-2022\\\/#primaryimage\"},\"thumbnailUrl\":\"https:\\\/\\\/cartecworld.com\\\/wp-content\\\/uploads\\\/2022\\\/08\\\/22-DSP-001-AutomechanikaFrankfurt_Banner-v2.png\",\"keywords\":[\"Automechanika\",\"messe\"],\"articleSection\":[\"Corporate\"],\"inLanguage\":\"de\"},{\"@type\":\"WebPage\",\"@id\":\"https:\\\/\\\/cartecworld.com\\\/de\\\/cartec-auf-der-automechanika-frankfurt-2022\\\/\",\"url\":\"https:\\\/\\\/cartecworld.com\\\/de\\\/cartec-auf-der-automechanika-frankfurt-2022\\\/\",\"name\":\"Cartec auf der Automechanika Frankfurt 2022 - Cartec World\",\"isPartOf\":{\"@id\":\"https:\\\/\\\/cartecworld.com\\\/de\\\/#website\"},\"primaryImageOfPage\":{\"@id\":\"https:\\\/\\\/cartecworld.com\\\/de\\\/cartec-auf-der-automechanika-frankfurt-2022\\\/#primaryimage\"},\"image\":{\"@id\":\"https:\\\/\\\/cartecworld.com\\\/de\\\/cartec-auf-der-automechanika-frankfurt-2022\\\/#primaryimage\"},\"thumbnailUrl\":\"https:\\\/\\\/cartecworld.com\\\/wp-content\\\/uploads\\\/2022\\\/08\\\/22-DSP-001-AutomechanikaFrankfurt_Banner-v2.png\",\"datePublished\":\"2022-08-23T13:49:16+00:00\",\"dateModified\":\"2022-08-26T12:30:25+00:00\",\"description\":\"Cartec wird auf der Automechanika Frankfurt vertreten sein. Die Messe findet vom 13. bis 17. September statt. Wir freuen uns auf Ihren Besuch in Halle 12.0, Stand C90!\",\"inLanguage\":\"de\",\"potentialAction\":[{\"@type\":\"ReadAction\",\"target\":[\"https:\\\/\\\/cartecworld.com\\\/de\\\/cartec-auf-der-automechanika-frankfurt-2022\\\/\"]}]},{\"@type\":\"ImageObject\",\"inLanguage\":\"de\",\"@id\":\"https:\\\/\\\/cartecworld.com\\\/de\\\/cartec-auf-der-automechanika-frankfurt-2022\\\/#primaryimage\",\"url\":\"https:\\\/\\\/cartecworld.com\\\/wp-content\\\/uploads\\\/2022\\\/08\\\/22-DSP-001-AutomechanikaFrankfurt_Banner-v2.png\",\"contentUrl\":\"https:\\\/\\\/cartecworld.com\\\/wp-content\\\/uploads\\\/2022\\\/08\\\/22-DSP-001-AutomechanikaFrankfurt_Banner-v2.png\",\"width\":768,\"height\":470},{\"@type\":\"WebSite\",\"@id\":\"https:\\\/\\\/cartecworld.com\\\/de\\\/#website\",\"url\":\"https:\\\/\\\/cartecworld.com\\\/de\\\/\",\"name\":\"Cartec World\",\"description\":\"\",\"publisher\":{\"@id\":\"https:\\\/\\\/cartecworld.com\\\/de\\\/#organization\"},\"potentialAction\":[{\"@type\":\"SearchAction\",\"target\":{\"@type\":\"EntryPoint\",\"urlTemplate\":\"https:\\\/\\\/cartecworld.com\\\/de\\\/?s={search_term_string}\"},\"query-input\":{\"@type\":\"PropertyValueSpecification\",\"valueRequired\":true,\"valueName\":\"search_term_string\"}}],\"inLanguage\":\"de\"},{\"@type\":\"Organization\",\"@id\":\"https:\\\/\\\/cartecworld.com\\\/de\\\/#organization\",\"name\":\"Cartec World\",\"alternateName\":\"Cartec\",\"url\":\"https:\\\/\\\/cartecworld.com\\\/de\\\/\",\"logo\":{\"@type\":\"ImageObject\",\"inLanguage\":\"de\",\"@id\":\"https:\\\/\\\/cartecworld.com\\\/de\\\/#\\\/schema\\\/logo\\\/image\\\/\",\"url\":\"https:\\\/\\\/cartecworld.com\\\/wp-content\\\/uploads\\\/2023\\\/03\\\/ESL-Neutral-Wash-Shampoo-26.jpg\",\"contentUrl\":\"https:\\\/\\\/cartecworld.com\\\/wp-content\\\/uploads\\\/2023\\\/03\\\/ESL-Neutral-Wash-Shampoo-26.jpg\",\"width\":1200,\"height\":800,\"caption\":\"Cartec World\"},\"image\":{\"@id\":\"https:\\\/\\\/cartecworld.com\\\/de\\\/#\\\/schema\\\/logo\\\/image\\\/\"},\"sameAs\":[\"https:\\\/\\\/www.facebook.com\\\/CartecWorld\\\/\",\"https:\\\/\\\/x.com\\\/cartecbv\",\"https:\\\/\\\/www.instagram.com\\\/cartecworld\\\/\",\"https:\\\/\\\/nl.linkedin.com\\\/company\\\/cartec-bv\",\"https:\\\/\\\/www.youtube.com\\\/channel\\\/UCr5Z1L1wZN4ZBm51QGG_0vQ\"]},{\"@type\":\"Person\",\"@id\":\"https:\\\/\\\/cartecworld.com\\\/de\\\/#\\\/schema\\\/person\\\/af08269ec6dd3102c9501316f0d8373f\",\"name\":\"Jaap van der Velden\",\"image\":{\"@type\":\"ImageObject\",\"inLanguage\":\"de\",\"@id\":\"https:\\\/\\\/secure.gravatar.com\\\/avatar\\\/5217315cd6e01442bce010d051d338eb4b4f33baf98fdbd96e142ffafe24ca46?s=96&d=mm&r=g\",\"url\":\"https:\\\/\\\/secure.gravatar.com\\\/avatar\\\/5217315cd6e01442bce010d051d338eb4b4f33baf98fdbd96e142ffafe24ca46?s=96&d=mm&r=g\",\"contentUrl\":\"https:\\\/\\\/secure.gravatar.com\\\/avatar\\\/5217315cd6e01442bce010d051d338eb4b4f33baf98fdbd96e142ffafe24ca46?s=96&d=mm&r=g\",\"caption\":\"Jaap van der Velden\"},\"description\":\"The Sales Manager of Cartec. He is an optimistic and enthusiastic sales professional with over 10 years of experience. Throughout his career, Jaap has earned the trust of several national and international companies and maintained strong client relationships that generate repeat business.\"}]}<\/script>\n<!-- \/ Yoast SEO plugin. -->","yoast_head_json":{"title":"Cartec auf der Automechanika Frankfurt 2022 - Cartec World","description":"Cartec wird auf der Automechanika Frankfurt vertreten sein. Die Messe findet vom 13. bis 17. September statt. Wir freuen uns auf Ihren Besuch in Halle 12.0, Stand C90!","robots":{"index":"index","follow":"follow","max-snippet":"max-snippet:-1","max-image-preview":"max-image-preview:large","max-video-preview":"max-video-preview:-1"},"canonical":"https:\/\/cartecworld.com\/de\/cartec-auf-der-automechanika-frankfurt-2022\/","og_locale":"de_DE","og_type":"article","og_title":"Cartec auf der Automechanika Frankfurt 2022 - Cartec World","og_description":"Cartec wird auf der Automechanika Frankfurt vertreten sein. Die Messe findet vom 13. bis 17. September statt. Wir freuen uns auf Ihren Besuch in Halle 12.0, Stand C90!","og_url":"https:\/\/cartecworld.com\/de\/cartec-auf-der-automechanika-frankfurt-2022\/","og_site_name":"Cartec World","article_publisher":"https:\/\/www.facebook.com\/CartecWorld\/","article_published_time":"2022-08-23T13:49:16+00:00","article_modified_time":"2022-08-26T12:30:25+00:00","og_image":[{"width":768,"height":470,"url":"https:\/\/cartecworld.com\/wp-content\/uploads\/2022\/08\/22-DSP-001-AutomechanikaFrankfurt_Banner-v2.png","type":"image\/png"}],"author":"Jaap van der Velden","twitter_card":"summary_large_image","twitter_creator":"@cartecbv","twitter_site":"@cartecbv","twitter_misc":{"Verfasst von":"Jaap van der Velden","Gesch\u00e4tzte Lesezeit":"1\u00a0Minute"},"schema":{"@context":"https:\/\/schema.org","@graph":[{"@type":"Article","@id":"https:\/\/cartecworld.com\/de\/cartec-auf-der-automechanika-frankfurt-2022\/#article","isPartOf":{"@id":"https:\/\/cartecworld.com\/de\/cartec-auf-der-automechanika-frankfurt-2022\/"},"author":{"name":"Jaap van der Velden","@id":"https:\/\/cartecworld.com\/de\/#\/schema\/person\/af08269ec6dd3102c9501316f0d8373f"},"headline":"Cartec auf der Automechanika Frankfurt 2022","datePublished":"2022-08-23T13:49:16+00:00","dateModified":"2022-08-26T12:30:25+00:00","mainEntityOfPage":{"@id":"https:\/\/cartecworld.com\/de\/cartec-auf-der-automechanika-frankfurt-2022\/"},"wordCount":81,"publisher":{"@id":"https:\/\/cartecworld.com\/de\/#organization"},"image":{"@id":"https:\/\/cartecworld.com\/de\/cartec-auf-der-automechanika-frankfurt-2022\/#primaryimage"},"thumbnailUrl":"https:\/\/cartecworld.com\/wp-content\/uploads\/2022\/08\/22-DSP-001-AutomechanikaFrankfurt_Banner-v2.png","keywords":["Automechanika","messe"],"articleSection":["Corporate"],"inLanguage":"de"},{"@type":"WebPage","@id":"https:\/\/cartecworld.com\/de\/cartec-auf-der-automechanika-frankfurt-2022\/","url":"https:\/\/cartecworld.com\/de\/cartec-auf-der-automechanika-frankfurt-2022\/","name":"Cartec auf der Automechanika Frankfurt 2022 - Cartec World","isPartOf":{"@id":"https:\/\/cartecworld.com\/de\/#website"},"primaryImageOfPage":{"@id":"https:\/\/cartecworld.com\/de\/cartec-auf-der-automechanika-frankfurt-2022\/#primaryimage"},"image":{"@id":"https:\/\/cartecworld.com\/de\/cartec-auf-der-automechanika-frankfurt-2022\/#primaryimage"},"thumbnailUrl":"https:\/\/cartecworld.com\/wp-content\/uploads\/2022\/08\/22-DSP-001-AutomechanikaFrankfurt_Banner-v2.png","datePublished":"2022-08-23T13:49:16+00:00","dateModified":"2022-08-26T12:30:25+00:00","description":"Cartec wird auf der Automechanika Frankfurt vertreten sein. Die Messe findet vom 13. bis 17. September statt. Wir freuen uns auf Ihren Besuch in Halle 12.0, Stand C90!","inLanguage":"de","potentialAction":[{"@type":"ReadAction","target":["https:\/\/cartecworld.com\/de\/cartec-auf-der-automechanika-frankfurt-2022\/"]}]},{"@type":"ImageObject","inLanguage":"de","@id":"https:\/\/cartecworld.com\/de\/cartec-auf-der-automechanika-frankfurt-2022\/#primaryimage","url":"https:\/\/cartecworld.com\/wp-content\/uploads\/2022\/08\/22-DSP-001-AutomechanikaFrankfurt_Banner-v2.png","contentUrl":"https:\/\/cartecworld.com\/wp-content\/uploads\/2022\/08\/22-DSP-001-AutomechanikaFrankfurt_Banner-v2.png","width":768,"height":470},{"@type":"WebSite","@id":"https:\/\/cartecworld.com\/de\/#website","url":"https:\/\/cartecworld.com\/de\/","name":"Cartec World","description":"","publisher":{"@id":"https:\/\/cartecworld.com\/de\/#organization"},"potentialAction":[{"@type":"SearchAction","target":{"@type":"EntryPoint","urlTemplate":"https:\/\/cartecworld.com\/de\/?s={search_term_string}"},"query-input":{"@type":"PropertyValueSpecification","valueRequired":true,"valueName":"search_term_string"}}],"inLanguage":"de"},{"@type":"Organization","@id":"https:\/\/cartecworld.com\/de\/#organization","name":"Cartec World","alternateName":"Cartec","url":"https:\/\/cartecworld.com\/de\/","logo":{"@type":"ImageObject","inLanguage":"de","@id":"https:\/\/cartecworld.com\/de\/#\/schema\/logo\/image\/","url":"https:\/\/cartecworld.com\/wp-content\/uploads\/2023\/03\/ESL-Neutral-Wash-Shampoo-26.jpg","contentUrl":"https:\/\/cartecworld.com\/wp-content\/uploads\/2023\/03\/ESL-Neutral-Wash-Shampoo-26.jpg","width":1200,"height":800,"caption":"Cartec World"},"image":{"@id":"https:\/\/cartecworld.com\/de\/#\/schema\/logo\/image\/"},"sameAs":["https:\/\/www.facebook.com\/CartecWorld\/","https:\/\/x.com\/cartecbv","https:\/\/www.instagram.com\/cartecworld\/","https:\/\/nl.linkedin.com\/company\/cartec-bv","https:\/\/www.youtube.com\/channel\/UCr5Z1L1wZN4ZBm51QGG_0vQ"]},{"@type":"Person","@id":"https:\/\/cartecworld.com\/de\/#\/schema\/person\/af08269ec6dd3102c9501316f0d8373f","name":"Jaap van der Velden","image":{"@type":"ImageObject","inLanguage":"de","@id":"https:\/\/secure.gravatar.com\/avatar\/5217315cd6e01442bce010d051d338eb4b4f33baf98fdbd96e142ffafe24ca46?s=96&d=mm&r=g","url":"https:\/\/secure.gravatar.com\/avatar\/5217315cd6e01442bce010d051d338eb4b4f33baf98fdbd96e142ffafe24ca46?s=96&d=mm&r=g","contentUrl":"https:\/\/secure.gravatar.com\/avatar\/5217315cd6e01442bce010d051d338eb4b4f33baf98fdbd96e142ffafe24ca46?s=96&d=mm&r=g","caption":"Jaap van der Velden"},"description":"The Sales Manager of Cartec. He is an optimistic and enthusiastic sales professional with over 10 years of experience. Throughout his career, Jaap has earned the trust of several national and international companies and maintained strong client relationships that generate repeat business."}]}},"_links":{"self":[{"href":"https:\/\/cartecworld.com\/de\/wp-json\/wp\/v2\/posts\/10138","targetHints":{"allow":["GET"]}}],"collection":[{"href":"https:\/\/cartecworld.com\/de\/wp-json\/wp\/v2\/posts"}],"about":[{"href":"https:\/\/cartecworld.com\/de\/wp-json\/wp\/v2\/types\/post"}],"author":[{"embeddable":true,"href":"https:\/\/cartecworld.com\/de\/wp-json\/wp\/v2\/users\/29"}],"replies":[{"embeddable":true,"href":"https:\/\/cartecworld.com\/de\/wp-json\/wp\/v2\/comments?post=10138"}],"version-history":[{"count":0,"href":"https:\/\/cartecworld.com\/de\/wp-json\/wp\/v2\/posts\/10138\/revisions"}],"wp:featuredmedia":[{"embeddable":true,"href":"https:\/\/cartecworld.com\/de\/wp-json\/wp\/v2\/media\/10131"}],"wp:attachment":[{"href":"https:\/\/cartecworld.com\/de\/wp-json\/wp\/v2\/media?parent=10138"}],"wp:term":[{"taxonomy":"category","embeddable":true,"href":"https:\/\/cartecworld.com\/de\/wp-json\/wp\/v2\/categories?post=10138"},{"taxonomy":"post_tag","embeddable":true,"href":"https:\/\/cartecworld.com\/de\/wp-json\/wp\/v2\/tags?post=10138"}],"curies":[{"name":"wp","href":"https:\/\/api.w.org\/{rel}","templated":true}]}}